{"id":34998,"date":"2026-09-03T23:07:59","date_gmt":"2026-09-03T23:07:59","guid":{"rendered":"https:\/\/imprezz4u.nl\/?p=34998"},"modified":"2026-09-03T23:07:59","modified_gmt":"2026-09-03T23:07:59","slug":"metylkobalamin-rizika-a-upozornenia","status":"publish","type":"post","link":"https:\/\/imprezz4u.nl\/?p=34998","title":{"rendered":"Metylkobalamin: Rizik\u00e1 a Upozornenia"},"content":{"rendered":"<p>Metylkobalamin je forma vitam\u00ednu B12, ktor\u00e1 sa pou\u017e\u00edva ako doplnok stravy a v medic\u00edne na lie\u010dbu r\u00f4znych zdravotn\u00fdch probl\u00e9mov, najm\u00e4 t\u00fdch, ktor\u00e9 s\u00fa spojen\u00e9 s nedostatkom vitam\u00ednu B12. Napriek svojim v\u00fdhod\u00e1m m\u00f4\u017ee u\u017e\u00edvanie metylkobalaminu prin\u00e1\u0161a\u0165 ur\u010dit\u00e9 rizik\u00e1 a ved\u013eaj\u0161ie \u00fa\u010dinky, ktor\u00e9 je d\u00f4le\u017eit\u00e9 zv\u00e1\u017ei\u0165 pred jeho u\u017e\u00edvan\u00edm.<\/p>\n<p><a href=\"https:\/\/permagardindia.com\/metylkobalamin-rizika-a-upozornenia\/\">Tu n\u00e1jdete podrobn\u00e9 inform\u00e1cie o rizik\u00e1ch a upozorneniach spojen\u00fdch s u\u017e\u00edvan\u00edm metylkobalaminu.<\/a><\/p>\n<h2>Rizik\u00e1 spojen\u00e9 s metylkobalaminom<\/h2>\n<ol>\n<li><strong>Alergick\u00e9 reakcie:<\/strong> Niektor\u00ed jedinci m\u00f4\u017eu poci\u0165ova\u0165 alergick\u00e9 reakcie na metylkobalamin, \u010do m\u00f4\u017ee vies\u0165 k sympt\u00f3mom ako s\u00fa vyr\u00e1\u017eky, svrbenie alebo d\u00fdchacie probl\u00e9my.<\/li>\n<li><strong>Mo\u017en\u00e9 interakcie s liekmi:<\/strong> Metylkobalamin m\u00f4\u017ee interagova\u0165 s ur\u010dit\u00fdmi liekmi, najm\u00e4 s t\u00fdmi, ktor\u00e9 s\u00fa zameran\u00e9 na zn\u00ed\u017eenie hladiny cukru v krvi alebo na lie\u010dbu epilepsie.<\/li>\n<li><strong>Nevhodn\u00e9 pre niektor\u00e9 zdravotn\u00e9 stavy:<\/strong> Osoby trpiace \u0161pecifick\u00fdmi zdravotn\u00fdmi probl\u00e9mami, ako je napr\u00edklad syst\u00e9mov\u00fd lupus erythematosus, by mali by\u0165 opatrn\u00e9 pri u\u017e\u00edvan\u00ed metylkobalaminu.<\/li>\n<li><strong>Ved\u013eaj\u0161ie \u00fa\u010dinky:<\/strong> U\u017e\u00edvanie metylkobalaminu m\u00f4\u017ee sp\u00f4sobi\u0165 ved\u013eaj\u0161ie \u00fa\u010dinky ako s\u00fa bolesti hlavy, \u00fazkos\u0165 alebo gastrointestin\u00e1lne probl\u00e9my.<\/li>\n<\/ol>\n<h2>Odpor\u00fa\u010dania pred u\u017e\u00edvan\u00edm metylkobalaminu<\/h2>\n<p>Predt\u00fdm, ako za\u010dnete u\u017e\u00edva\u0165 metylkobalamin alebo ak\u00fdko\u013evek in\u00fd doplnok stravy, je d\u00f4le\u017eit\u00e9 poradi\u0165 sa so svoj\u00edm lek\u00e1rom, najm\u00e4 ak u\u017e m\u00e1te existuj\u00face zdravotn\u00e9 probl\u00e9my alebo u\u017e\u00edvate in\u00e9 lieky. M\u00f4\u017ee v\u00e1m poskytn\u00fa\u0165 u\u017eito\u010dn\u00e9 inform\u00e1cie o bezpe\u010dnosti a \u00fa\u010dinnosti metylkobalaminu vo va\u0161om konkr\u00e9tnom pr\u00edpade.<\/p>\n<p>Je d\u00f4le\u017eit\u00e9 ma\u0165 na pam\u00e4ti, \u017ee aj ke\u010f metylkobalamin m\u00f4\u017ee by\u0165 prospe\u0161n\u00fd pre mnoh\u00fdch \u013eud\u00ed, nie je to rie\u0161enie pre ka\u017ed\u00e9ho a m\u00f4\u017ee ma\u0165 rizik\u00e1, ktor\u00e9 je treba zv\u00e1\u017ei\u0165.<\/p>\n","protected":false},"excerpt":{"rendered":"<p>Metylkobalamin je forma vitam\u00ednu B12, ktor\u00e1 sa pou\u017e\u00edva ako doplnok stravy a v medic\u00edne na lie\u010dbu r\u00f4znych zdravotn\u00fdch probl\u00e9mov, najm\u00e4 t\u00fdch, ktor\u00e9 s\u00fa spojen\u00e9 s nedostatkom vitam\u00ednu B12. Napriek svojim v\u00fdhod\u00e1m m\u00f4\u017ee u\u017e\u00edvanie metylkobalaminu prin\u00e1\u0161a\u0165 ur\u010dit\u00e9 rizik\u00e1 a ved\u013eaj\u0161ie \u00fa\u010dinky, ktor\u00e9 je d\u00f4le\u017eit\u00e9 zv\u00e1\u017ei\u0165 pred jeho u\u017e\u00edvan\u00edm. Tu n\u00e1jdete podrobn\u00e9 inform\u00e1cie o rizik\u00e1ch a upozorneniach&hellip;<\/p>\n","protected":false},"author":1,"featured_media":0,"comment_status":"closed","ping_status":"open","sticky":false,"template":"","format":"standard","meta":[],"categories":[1],"tags":[],"_links":{"self":[{"href":"https:\/\/imprezz4u.nl\/index.php?rest_route=\/wp\/v2\/posts\/34998"}],"collection":[{"href":"https:\/\/imprezz4u.nl\/index.php?rest_route=\/wp\/v2\/posts"}],"about":[{"href":"https:\/\/imprezz4u.nl\/index.php?rest_route=\/wp\/v2\/types\/post"}],"author":[{"embeddable":true,"href":"https:\/\/imprezz4u.nl\/index.php?rest_route=\/wp\/v2\/users\/1"}],"replies":[{"embeddable":true,"href":"https:\/\/imprezz4u.nl\/index.php?rest_route=%2Fwp%2Fv2%2Fcomments&post=34998"}],"version-history":[{"count":1,"href":"https:\/\/imprezz4u.nl\/index.php?rest_route=\/wp\/v2\/posts\/34998\/revisions"}],"predecessor-version":[{"id":34999,"href":"https:\/\/imprezz4u.nl\/index.php?rest_route=\/wp\/v2\/posts\/34998\/revisions\/34999"}],"wp:attachment":[{"href":"https:\/\/imprezz4u.nl\/index.php?rest_route=%2Fwp%2Fv2%2Fmedia&parent=34998"}],"wp:term":[{"taxonomy":"category","embeddable":true,"href":"https:\/\/imprezz4u.nl\/index.php?rest_route=%2Fwp%2Fv2%2Fcategories&post=34998"},{"taxonomy":"post_tag","embeddable":true,"href":"https:\/\/imprezz4u.nl\/index.php?rest_route=%2Fwp%2Fv2%2Ftags&post=34998"}],"curies":[{"name":"wp","href":"https:\/\/api.w.org\/{rel}","templated":true}]}}